{"id":2037,"date":"2026-04-28T07:28:47","date_gmt":"2026-04-28T07:28:47","guid":{"rendered":"https:\/\/www.botiasgarcia.com\/abogados\/?p=2037"},"modified":"2026-04-28T07:29:32","modified_gmt":"2026-04-28T07:29:32","slug":"permiso-por-hospitalizacion-de-familiar-cuantos-dias-corresponden-y-sus-limites","status":"publish","type":"post","link":"https:\/\/www.botiasgarcia.com\/abogados\/permiso-por-hospitalizacion-de-familiar-cuantos-dias-corresponden-y-sus-limites\/","title":{"rendered":"Permiso por hospitalizaci\u00f3n de familiar: cu\u00e1ntos d\u00edas corresponden y sus l\u00edmites"},"content":{"rendered":"<p>El Tribunal Supremo ha vuelto a pronunciarse sobre el permiso retribuido por hospitalizaci\u00f3n de un familiar, consolidando una doctrina clara y favorable a los trabajadores.<\/p>\n<p>En su sentencia de 12 de marzo de 2026 (STS 1282\/2026), el TS confirma que las empresas no pueden condicionar este permiso a la duraci\u00f3n efectiva del ingreso hospitalario ni a los d\u00edas de reposo que certifique el m\u00e9dico.<\/p>\n<p><span style=\"font-size: 19px;\"><strong>\u00bfQu\u00e9 dice la ley sobre el permiso por hospitalizaci\u00f3n?<\/strong><\/span><\/p>\n<p>El art\u00edculo 37.3 b) del Estatuto de los Trabajadores reconoce el derecho a <strong>5 d\u00edas de permiso retribuido<\/strong> en los casos de accidente o enfermedad graves, hospitalizaci\u00f3n o intervenci\u00f3n quir\u00fargica sin hospitalizaci\u00f3n que precise reposo domiciliario del c\u00f3nyuge, pareja de hecho o parientes hasta el segundo grado de consanguinidad \u2013 es decir, padres, hijos, hermanos, abuelos, nietos y sus equivalentes pol\u00edticos-\u00a0 e incluso a cualquier persona que conviva con el trabajador en el mismo domicilio y requiera su cuidado efectivo.<\/p>\n<p>Se trata de una norma de <strong>derecho necesario relativo<\/strong>, lo que significa que puede mejorarse por convenio colectivo o acuerdo de empresa, pero en ning\u00fan caso puede reducirse por debajo del m\u00ednimo legal.<\/p>\n<p><span style=\"font-size: 19px;\"><strong>El caso: una empresa de transporte que limitaba el permiso<\/strong><\/span><\/p>\n<p>El caso que da origen a esta sentencia involucra a una empresa de transporte de viajeros de Zaragoza que aplicaba el siguiente criterio:<\/p>\n<ul>\n<li>En caso de <strong>hospitalizaci\u00f3n<\/strong>: el permiso duraba lo que durase el ingreso, con un m\u00e1ximo de 5 d\u00edas.<\/li>\n<li>En caso de <strong>intervenci\u00f3n quir\u00fargica sin hospitalizaci\u00f3n<\/strong>: el permiso se limitaba a los d\u00edas de reposo que certificara expresamente el m\u00e9dico.<\/li>\n<\/ul>\n<p>El sindicato CCOO impugn\u00f3 este criterio mediante demanda de conflicto colectivo, defendiendo que los trabajadores tienen derecho a los 5 d\u00edas completos en cualquier caso, sin condicionantes.<\/p>\n<p><span style=\"font-size: 19px;\"><strong>La doctrina del Tribunal Supremo: 5 d\u00edas completos, sin condiciones<\/strong><\/span><\/p>\n<p>El Tribunal Supremo desestima el recurso de la empresa y confirma el derecho de los trabajadores a disfrutar de los <strong>5 d\u00edas completos de permiso retribuido<\/strong>, estableciendo dos conclusiones clave:<\/p>\n<p>El permiso <strong>no puede condicionarse<\/strong> a la duraci\u00f3n efectiva del ingreso hospitalario ni a los d\u00edas de reposo prescritos por el facultativo. Aunque el permiso es de naturaleza <strong>causal<\/strong> \u2014 debe existir la situaci\u00f3n que lo justifica \u2014 una vez acreditada dicha situaci\u00f3n, el trabajador no est\u00e1 obligado a aportar un justificante diario. La continuidad de la baja m\u00e9dica tras el alta hospitalaria hace presumir que persiste la necesidad de cuidados en el domicilio.<\/p>\n<p><span style=\"font-size: 19px;\"><strong>\u00bfQu\u00e9 implica esta sentencia para empresas y trabajadores?<\/strong><\/span><\/p>\n<p>Para los <strong>trabajadores<\/strong>, esta sentencia refuerza su derecho a disfrutar del permiso completo sin necesidad de justificar d\u00eda a d\u00eda la necesidad de cuidados de su familiar.<\/p>\n<p>Para las <strong>empresas<\/strong>, supone la obligaci\u00f3n de respetar el m\u00ednimo legal de 5 d\u00edas en todos estos supuestos, sin poder establecer criterios m\u00e1s restrictivos basados en la duraci\u00f3n del ingreso o del parte m\u00e9dico.<\/p>\n<p><span style=\"font-size: 19px;\"><strong>Conclusi\u00f3n<\/strong><\/span><\/p>\n<p>El Tribunal Supremo consolida con esta sentencia una l\u00ednea jurisprudencial clara: los <strong>5 d\u00edas de permiso retribuido<\/strong> por hospitalizaci\u00f3n o intervenci\u00f3n quir\u00fargica de un familiar constituyen un derecho m\u00ednimo que ninguna empresa puede reducir ni condicionar unilateralmente.<\/p>\n","protected":false},"excerpt":{"rendered":"<p>El Tribunal Supremo ha vuelto a pronunciarse sobre el permiso retribuido por hospitalizaci\u00f3n de un familiar, consolidando una doctrina clara y favorable a los trabajadores. En su sentencia de 12 de marzo de 2026 (STS 1282\/2026), el TS confirma que las empresas no pueden condicionar este permiso a la duraci\u00f3n efectiva del ingreso hospitalario ni [&hellip;]<\/p>\n","protected":false},"author":1,"featured_media":2036,"comment_status":"open","ping_status":"open","sticky":false,"template":"","format":"standard","meta":{"_acf_changed":false,"footnotes":""},"categories":[118,35,117],"tags":[],"class_list":["post-2037","post","type-post","status-publish","format-standard","has-post-thumbnail","hentry","category-hospitalizacion","category-laboral","category-permisos"],"acf":[],"yoast_head":"<!-- This site is optimized with the Yoast SEO plugin v27.5 - https:\/\/yoast.com\/product\/yoast-seo-wordpress\/ -->\n<title>Permiso por hospitalizaci\u00f3n de familiar: cu\u00e1ntos d\u00edas corresponden y sus l\u00edmites - BotiasGarcia Abogados<\/title>\n<meta name=\"robots\" content=\"index, follow, max-snippet:-1, max-image-preview:large, max-video-preview:-1\" \/>\n<link rel=\"canonical\" href=\"https:\/\/www.botiasgarcia.com\/abogados\/permiso-por-hospitalizacion-de-familiar-cuantos-dias-corresponden-y-sus-limites\/\" \/>\n<meta property=\"og:locale\" content=\"es_ES\" \/>\n<meta property=\"og:type\" content=\"article\" \/>\n<meta property=\"og:title\" content=\"Permiso por hospitalizaci\u00f3n de familiar: cu\u00e1ntos d\u00edas corresponden y sus l\u00edmites - BotiasGarcia Abogados\" \/>\n<meta property=\"og:description\" content=\"El Tribunal Supremo ha vuelto a pronunciarse sobre el permiso retribuido por hospitalizaci\u00f3n de un familiar, consolidando una doctrina clara y favorable a los trabajadores. En su sentencia de 12 de marzo de 2026 (STS 1282\/2026), el TS confirma que las empresas no pueden condicionar este permiso a la duraci\u00f3n efectiva del ingreso hospitalario ni [&hellip;]\" \/>\n<meta property=\"og:url\" content=\"https:\/\/www.botiasgarcia.com\/abogados\/permiso-por-hospitalizacion-de-familiar-cuantos-dias-corresponden-y-sus-limites\/\" \/>\n<meta property=\"og:site_name\" content=\"BotiasGarcia Abogados\" \/>\n<meta property=\"article:published_time\" content=\"2026-04-28T07:28:47+00:00\" \/>\n<meta property=\"article:modified_time\" content=\"2026-04-28T07:29:32+00:00\" \/>\n<meta property=\"og:image\" content=\"https:\/\/www.botiasgarcia.com\/abogados\/wp-content\/uploads\/2026\/04\/Permiso-por-hospitalizacion-1024x562.png\" \/>\n\t<meta property=\"og:image:width\" content=\"1024\" \/>\n\t<meta property=\"og:image:height\" content=\"562\" \/>\n\t<meta property=\"og:image:type\" content=\"image\/png\" \/>\n<meta name=\"author\" content=\"admin\" \/>\n<meta name=\"twitter:card\" content=\"summary_large_image\" \/>\n<meta name=\"twitter:label1\" content=\"Escrito por\" \/>\n\t<meta name=\"twitter:data1\" content=\"admin\" \/>\n\t<meta name=\"twitter:label2\" content=\"Tiempo de lectura\" \/>\n\t<meta name=\"twitter:data2\" content=\"3 minutos\" \/>\n<script type=\"application\/ld+json\" class=\"yoast-schema-graph\">{\"@context\":\"https:\\\/\\\/schema.org\",\"@graph\":[{\"@type\":\"Article\",\"@id\":\"https:\\\/\\\/www.botiasgarcia.com\\\/abogados\\\/permiso-por-hospitalizacion-de-familiar-cuantos-dias-corresponden-y-sus-limites\\\/#article\",\"isPartOf\":{\"@id\":\"https:\\\/\\\/www.botiasgarcia.com\\\/abogados\\\/permiso-por-hospitalizacion-de-familiar-cuantos-dias-corresponden-y-sus-limites\\\/\"},\"author\":{\"name\":\"admin\",\"@id\":\"https:\\\/\\\/www.botiasgarcia.com\\\/abogados\\\/#\\\/schema\\\/person\\\/0ca51b7ce0c09c2ffa9402b542454afb\"},\"headline\":\"Permiso por hospitalizaci\u00f3n de familiar: cu\u00e1ntos d\u00edas corresponden y sus l\u00edmites\",\"datePublished\":\"2026-04-28T07:28:47+00:00\",\"dateModified\":\"2026-04-28T07:29:32+00:00\",\"mainEntityOfPage\":{\"@id\":\"https:\\\/\\\/www.botiasgarcia.com\\\/abogados\\\/permiso-por-hospitalizacion-de-familiar-cuantos-dias-corresponden-y-sus-limites\\\/\"},\"wordCount\":553,\"commentCount\":0,\"image\":{\"@id\":\"https:\\\/\\\/www.botiasgarcia.com\\\/abogados\\\/permiso-por-hospitalizacion-de-familiar-cuantos-dias-corresponden-y-sus-limites\\\/#primaryimage\"},\"thumbnailUrl\":\"https:\\\/\\\/www.botiasgarcia.com\\\/abogados\\\/wp-content\\\/uploads\\\/2026\\\/04\\\/Permiso-por-hospitalizacion.png\",\"articleSection\":[\"Hospitalizaci\u00f3n\",\"Laboral\",\"Permisos\"],\"inLanguage\":\"es\",\"potentialAction\":[{\"@type\":\"CommentAction\",\"name\":\"Comment\",\"target\":[\"https:\\\/\\\/www.botiasgarcia.com\\\/abogados\\\/permiso-por-hospitalizacion-de-familiar-cuantos-dias-corresponden-y-sus-limites\\\/#respond\"]}]},{\"@type\":\"WebPage\",\"@id\":\"https:\\\/\\\/www.botiasgarcia.com\\\/abogados\\\/permiso-por-hospitalizacion-de-familiar-cuantos-dias-corresponden-y-sus-limites\\\/\",\"url\":\"https:\\\/\\\/www.botiasgarcia.com\\\/abogados\\\/permiso-por-hospitalizacion-de-familiar-cuantos-dias-corresponden-y-sus-limites\\\/\",\"name\":\"Permiso por hospitalizaci\u00f3n de familiar: cu\u00e1ntos d\u00edas corresponden y sus l\u00edmites - BotiasGarcia Abogados\",\"isPartOf\":{\"@id\":\"https:\\\/\\\/www.botiasgarcia.com\\\/abogados\\\/#website\"},\"primaryImageOfPage\":{\"@id\":\"https:\\\/\\\/www.botiasgarcia.com\\\/abogados\\\/permiso-por-hospitalizacion-de-familiar-cuantos-dias-corresponden-y-sus-limites\\\/#primaryimage\"},\"image\":{\"@id\":\"https:\\\/\\\/www.botiasgarcia.com\\\/abogados\\\/permiso-por-hospitalizacion-de-familiar-cuantos-dias-corresponden-y-sus-limites\\\/#primaryimage\"},\"thumbnailUrl\":\"https:\\\/\\\/www.botiasgarcia.com\\\/abogados\\\/wp-content\\\/uploads\\\/2026\\\/04\\\/Permiso-por-hospitalizacion.png\",\"datePublished\":\"2026-04-28T07:28:47+00:00\",\"dateModified\":\"2026-04-28T07:29:32+00:00\",\"author\":{\"@id\":\"https:\\\/\\\/www.botiasgarcia.com\\\/abogados\\\/#\\\/schema\\\/person\\\/0ca51b7ce0c09c2ffa9402b542454afb\"},\"breadcrumb\":{\"@id\":\"https:\\\/\\\/www.botiasgarcia.com\\\/abogados\\\/permiso-por-hospitalizacion-de-familiar-cuantos-dias-corresponden-y-sus-limites\\\/#breadcrumb\"},\"inLanguage\":\"es\",\"potentialAction\":[{\"@type\":\"ReadAction\",\"target\":[\"https:\\\/\\\/www.botiasgarcia.com\\\/abogados\\\/permiso-por-hospitalizacion-de-familiar-cuantos-dias-corresponden-y-sus-limites\\\/\"]}]},{\"@type\":\"ImageObject\",\"inLanguage\":\"es\",\"@id\":\"https:\\\/\\\/www.botiasgarcia.com\\\/abogados\\\/permiso-por-hospitalizacion-de-familiar-cuantos-dias-corresponden-y-sus-limites\\\/#primaryimage\",\"url\":\"https:\\\/\\\/www.botiasgarcia.com\\\/abogados\\\/wp-content\\\/uploads\\\/2026\\\/04\\\/Permiso-por-hospitalizacion.png\",\"contentUrl\":\"https:\\\/\\\/www.botiasgarcia.com\\\/abogados\\\/wp-content\\\/uploads\\\/2026\\\/04\\\/Permiso-por-hospitalizacion.png\",\"width\":2529,\"height\":1388},{\"@type\":\"BreadcrumbList\",\"@id\":\"https:\\\/\\\/www.botiasgarcia.com\\\/abogados\\\/permiso-por-hospitalizacion-de-familiar-cuantos-dias-corresponden-y-sus-limites\\\/#breadcrumb\",\"itemListElement\":[{\"@type\":\"ListItem\",\"position\":1,\"name\":\"Portada\",\"item\":\"https:\\\/\\\/www.botiasgarcia.com\\\/abogados\\\/\"},{\"@type\":\"ListItem\",\"position\":2,\"name\":\"Permiso por hospitalizaci\u00f3n de familiar: cu\u00e1ntos d\u00edas corresponden y sus l\u00edmites\"}]},{\"@type\":\"WebSite\",\"@id\":\"https:\\\/\\\/www.botiasgarcia.com\\\/abogados\\\/#website\",\"url\":\"https:\\\/\\\/www.botiasgarcia.com\\\/abogados\\\/\",\"name\":\"BotiasGarcia Abogados\",\"description\":\"\",\"potentialAction\":[{\"@type\":\"SearchAction\",\"target\":{\"@type\":\"EntryPoint\",\"urlTemplate\":\"https:\\\/\\\/www.botiasgarcia.com\\\/abogados\\\/?s={search_term_string}\"},\"query-input\":{\"@type\":\"PropertyValueSpecification\",\"valueRequired\":true,\"valueName\":\"search_term_string\"}}],\"inLanguage\":\"es\"},{\"@type\":\"Person\",\"@id\":\"https:\\\/\\\/www.botiasgarcia.com\\\/abogados\\\/#\\\/schema\\\/person\\\/0ca51b7ce0c09c2ffa9402b542454afb\",\"name\":\"admin\",\"image\":{\"@type\":\"ImageObject\",\"inLanguage\":\"es\",\"@id\":\"https:\\\/\\\/secure.gravatar.com\\\/avatar\\\/3b44f3f9e514e68476053d6155b88985b7780e7513239426e40d396d3a74db68?s=96&d=mm&r=g\",\"url\":\"https:\\\/\\\/secure.gravatar.com\\\/avatar\\\/3b44f3f9e514e68476053d6155b88985b7780e7513239426e40d396d3a74db68?s=96&d=mm&r=g\",\"contentUrl\":\"https:\\\/\\\/secure.gravatar.com\\\/avatar\\\/3b44f3f9e514e68476053d6155b88985b7780e7513239426e40d396d3a74db68?s=96&d=mm&r=g\",\"caption\":\"admin\"},\"url\":\"https:\\\/\\\/www.botiasgarcia.com\\\/abogados\\\/author\\\/admin\\\/\"}]}<\/script>\n<!-- \/ Yoast SEO plugin. -->","yoast_head_json":{"title":"Permiso por hospitalizaci\u00f3n de familiar: cu\u00e1ntos d\u00edas corresponden y sus l\u00edmites - BotiasGarcia Abogados","robots":{"index":"index","follow":"follow","max-snippet":"max-snippet:-1","max-image-preview":"max-image-preview:large","max-video-preview":"max-video-preview:-1"},"canonical":"https:\/\/www.botiasgarcia.com\/abogados\/permiso-por-hospitalizacion-de-familiar-cuantos-dias-corresponden-y-sus-limites\/","og_locale":"es_ES","og_type":"article","og_title":"Permiso por hospitalizaci\u00f3n de familiar: cu\u00e1ntos d\u00edas corresponden y sus l\u00edmites - BotiasGarcia Abogados","og_description":"El Tribunal Supremo ha vuelto a pronunciarse sobre el permiso retribuido por hospitalizaci\u00f3n de un familiar, consolidando una doctrina clara y favorable a los trabajadores. En su sentencia de 12 de marzo de 2026 (STS 1282\/2026), el TS confirma que las empresas no pueden condicionar este permiso a la duraci\u00f3n efectiva del ingreso hospitalario ni [&hellip;]","og_url":"https:\/\/www.botiasgarcia.com\/abogados\/permiso-por-hospitalizacion-de-familiar-cuantos-dias-corresponden-y-sus-limites\/","og_site_name":"BotiasGarcia Abogados","article_published_time":"2026-04-28T07:28:47+00:00","article_modified_time":"2026-04-28T07:29:32+00:00","og_image":[{"width":1024,"height":562,"url":"https:\/\/www.botiasgarcia.com\/abogados\/wp-content\/uploads\/2026\/04\/Permiso-por-hospitalizacion-1024x562.png","type":"image\/png"}],"author":"admin","twitter_card":"summary_large_image","twitter_misc":{"Escrito por":"admin","Tiempo de lectura":"3 minutos"},"schema":{"@context":"https:\/\/schema.org","@graph":[{"@type":"Article","@id":"https:\/\/www.botiasgarcia.com\/abogados\/permiso-por-hospitalizacion-de-familiar-cuantos-dias-corresponden-y-sus-limites\/#article","isPartOf":{"@id":"https:\/\/www.botiasgarcia.com\/abogados\/permiso-por-hospitalizacion-de-familiar-cuantos-dias-corresponden-y-sus-limites\/"},"author":{"name":"admin","@id":"https:\/\/www.botiasgarcia.com\/abogados\/#\/schema\/person\/0ca51b7ce0c09c2ffa9402b542454afb"},"headline":"Permiso por hospitalizaci\u00f3n de familiar: cu\u00e1ntos d\u00edas corresponden y sus l\u00edmites","datePublished":"2026-04-28T07:28:47+00:00","dateModified":"2026-04-28T07:29:32+00:00","mainEntityOfPage":{"@id":"https:\/\/www.botiasgarcia.com\/abogados\/permiso-por-hospitalizacion-de-familiar-cuantos-dias-corresponden-y-sus-limites\/"},"wordCount":553,"commentCount":0,"image":{"@id":"https:\/\/www.botiasgarcia.com\/abogados\/permiso-por-hospitalizacion-de-familiar-cuantos-dias-corresponden-y-sus-limites\/#primaryimage"},"thumbnailUrl":"https:\/\/www.botiasgarcia.com\/abogados\/wp-content\/uploads\/2026\/04\/Permiso-por-hospitalizacion.png","articleSection":["Hospitalizaci\u00f3n","Laboral","Permisos"],"inLanguage":"es","potentialAction":[{"@type":"CommentAction","name":"Comment","target":["https:\/\/www.botiasgarcia.com\/abogados\/permiso-por-hospitalizacion-de-familiar-cuantos-dias-corresponden-y-sus-limites\/#respond"]}]},{"@type":"WebPage","@id":"https:\/\/www.botiasgarcia.com\/abogados\/permiso-por-hospitalizacion-de-familiar-cuantos-dias-corresponden-y-sus-limites\/","url":"https:\/\/www.botiasgarcia.com\/abogados\/permiso-por-hospitalizacion-de-familiar-cuantos-dias-corresponden-y-sus-limites\/","name":"Permiso por hospitalizaci\u00f3n de familiar: cu\u00e1ntos d\u00edas corresponden y sus l\u00edmites - BotiasGarcia Abogados","isPartOf":{"@id":"https:\/\/www.botiasgarcia.com\/abogados\/#website"},"primaryImageOfPage":{"@id":"https:\/\/www.botiasgarcia.com\/abogados\/permiso-por-hospitalizacion-de-familiar-cuantos-dias-corresponden-y-sus-limites\/#primaryimage"},"image":{"@id":"https:\/\/www.botiasgarcia.com\/abogados\/permiso-por-hospitalizacion-de-familiar-cuantos-dias-corresponden-y-sus-limites\/#primaryimage"},"thumbnailUrl":"https:\/\/www.botiasgarcia.com\/abogados\/wp-content\/uploads\/2026\/04\/Permiso-por-hospitalizacion.png","datePublished":"2026-04-28T07:28:47+00:00","dateModified":"2026-04-28T07:29:32+00:00","author":{"@id":"https:\/\/www.botiasgarcia.com\/abogados\/#\/schema\/person\/0ca51b7ce0c09c2ffa9402b542454afb"},"breadcrumb":{"@id":"https:\/\/www.botiasgarcia.com\/abogados\/permiso-por-hospitalizacion-de-familiar-cuantos-dias-corresponden-y-sus-limites\/#breadcrumb"},"inLanguage":"es","potentialAction":[{"@type":"ReadAction","target":["https:\/\/www.botiasgarcia.com\/abogados\/permiso-por-hospitalizacion-de-familiar-cuantos-dias-corresponden-y-sus-limites\/"]}]},{"@type":"ImageObject","inLanguage":"es","@id":"https:\/\/www.botiasgarcia.com\/abogados\/permiso-por-hospitalizacion-de-familiar-cuantos-dias-corresponden-y-sus-limites\/#primaryimage","url":"https:\/\/www.botiasgarcia.com\/abogados\/wp-content\/uploads\/2026\/04\/Permiso-por-hospitalizacion.png","contentUrl":"https:\/\/www.botiasgarcia.com\/abogados\/wp-content\/uploads\/2026\/04\/Permiso-por-hospitalizacion.png","width":2529,"height":1388},{"@type":"BreadcrumbList","@id":"https:\/\/www.botiasgarcia.com\/abogados\/permiso-por-hospitalizacion-de-familiar-cuantos-dias-corresponden-y-sus-limites\/#breadcrumb","itemListElement":[{"@type":"ListItem","position":1,"name":"Portada","item":"https:\/\/www.botiasgarcia.com\/abogados\/"},{"@type":"ListItem","position":2,"name":"Permiso por hospitalizaci\u00f3n de familiar: cu\u00e1ntos d\u00edas corresponden y sus l\u00edmites"}]},{"@type":"WebSite","@id":"https:\/\/www.botiasgarcia.com\/abogados\/#website","url":"https:\/\/www.botiasgarcia.com\/abogados\/","name":"BotiasGarcia Abogados","description":"","potentialAction":[{"@type":"SearchAction","target":{"@type":"EntryPoint","urlTemplate":"https:\/\/www.botiasgarcia.com\/abogados\/?s={search_term_string}"},"query-input":{"@type":"PropertyValueSpecification","valueRequired":true,"valueName":"search_term_string"}}],"inLanguage":"es"},{"@type":"Person","@id":"https:\/\/www.botiasgarcia.com\/abogados\/#\/schema\/person\/0ca51b7ce0c09c2ffa9402b542454afb","name":"admin","image":{"@type":"ImageObject","inLanguage":"es","@id":"https:\/\/secure.gravatar.com\/avatar\/3b44f3f9e514e68476053d6155b88985b7780e7513239426e40d396d3a74db68?s=96&d=mm&r=g","url":"https:\/\/secure.gravatar.com\/avatar\/3b44f3f9e514e68476053d6155b88985b7780e7513239426e40d396d3a74db68?s=96&d=mm&r=g","contentUrl":"https:\/\/secure.gravatar.com\/avatar\/3b44f3f9e514e68476053d6155b88985b7780e7513239426e40d396d3a74db68?s=96&d=mm&r=g","caption":"admin"},"url":"https:\/\/www.botiasgarcia.com\/abogados\/author\/admin\/"}]}},"_links":{"self":[{"href":"https:\/\/www.botiasgarcia.com\/abogados\/wp-json\/wp\/v2\/posts\/2037","targetHints":{"allow":["GET"]}}],"collection":[{"href":"https:\/\/www.botiasgarcia.com\/abogados\/wp-json\/wp\/v2\/posts"}],"about":[{"href":"https:\/\/www.botiasgarcia.com\/abogados\/wp-json\/wp\/v2\/types\/post"}],"author":[{"embeddable":true,"href":"https:\/\/www.botiasgarcia.com\/abogados\/wp-json\/wp\/v2\/users\/1"}],"replies":[{"embeddable":true,"href":"https:\/\/www.botiasgarcia.com\/abogados\/wp-json\/wp\/v2\/comments?post=2037"}],"version-history":[{"count":1,"href":"https:\/\/www.botiasgarcia.com\/abogados\/wp-json\/wp\/v2\/posts\/2037\/revisions"}],"predecessor-version":[{"id":2038,"href":"https:\/\/www.botiasgarcia.com\/abogados\/wp-json\/wp\/v2\/posts\/2037\/revisions\/2038"}],"wp:featuredmedia":[{"embeddable":true,"href":"https:\/\/www.botiasgarcia.com\/abogados\/wp-json\/wp\/v2\/media\/2036"}],"wp:attachment":[{"href":"https:\/\/www.botiasgarcia.com\/abogados\/wp-json\/wp\/v2\/media?parent=2037"}],"wp:term":[{"taxonomy":"category","embeddable":true,"href":"https:\/\/www.botiasgarcia.com\/abogados\/wp-json\/wp\/v2\/categories?post=2037"},{"taxonomy":"post_tag","embeddable":true,"href":"https:\/\/www.botiasgarcia.com\/abogados\/wp-json\/wp\/v2\/tags?post=2037"}],"curies":[{"name":"wp","href":"https:\/\/api.w.org\/{rel}","templated":true}]}}